{"id":9762,"date":"2023-07-06T09:29:22","date_gmt":"2023-07-06T09:29:22","guid":{"rendered":"https:\/\/inmoovs.com\/blog\/sin-categoria\/dani-perez-un-sueno-cumplido-a-base-de-trabajo-esfuerzo-y-confianza\/"},"modified":"2025-10-06T11:21:34","modified_gmt":"2025-10-06T11:21:34","slug":"dani-perez-un-sueno-cumplido-a-base-de-trabajo-esfuerzo-y-confianza","status":"publish","type":"post","link":"https:\/\/inmoovs.com\/es\/blog\/inpeople\/dani-perez-un-sueno-cumplido-a-base-de-trabajo-esfuerzo-y-confianza\/","title":{"rendered":"<strong>Dani P\u00e9rez, un sue\u00f1o cumplido a base de trabajo, esfuerzo y confianza<\/strong>"},"content":{"rendered":"\t\t<div data-elementor-type=\"wp-post\" data-elementor-id=\"9762\" class=\"elementor elementor-9762 elementor-9657\" data-elementor-settings=\"{&quot;ha_cmc_init_switcher&quot;:&quot;no&quot;}\" data-elementor-post-type=\"post\">\n\t\t\t\t\t\t<section class=\"has_eae_slider elementor-section elementor-top-section elementor-element elementor-element-2002906 elementor-section-stretched elementor-hidden-mobile elementor-section-boxed elementor-section-height-default elementor-section-height-default\" data-eae-slider=\"3411\" data-id=\"2002906\" data-element_type=\"section\" data-settings=\"{&quot;stretch_section&quot;:&quot;section-stretched&quot;,&quot;_ha_eqh_enable&quot;:false}\">\n\t\t\t\t\t\t<div class=\"elementor-container elementor-column-gap-default\">\n\t\t\t\t\t<div class=\"has_eae_slider elementor-column elementor-col-100 elementor-top-column elementor-element elementor-element-7e8cd5c\" data-eae-slider=\"40943\" data-id=\"7e8cd5c\" data-element_type=\"column\">\n\t\t\t<div class=\"elementor-widget-wrap elementor-element-populated\">\n\t\t\t\t\t\t<div class=\"elementor-element elementor-element-9d9ee03 elementor-author-box--image-valign-middle elementor-widget elementor-widget-author-box\" data-id=\"9d9ee03\" data-element_type=\"widget\" data-widget_type=\"author-box.default\">\n\t\t\t\t<div class=\"elementor-widget-container\">\n\t\t\t\t\t\t\t<div class=\"elementor-author-box\">\n\t\t\t\t\t\t\t<div  class=\"elementor-author-box__avatar\">\n\t\t\t\t\t<img decoding=\"async\" src=\"https:\/\/inmoovs.com\/wp-content\/uploads\/2023\/07\/Inmoovs-300x300.jpg\" alt=\"Imagen de Dani P\u00e9rez\" loading=\"lazy\">\n\t\t\t\t<\/div>\n\t\t\t\n\t\t\t<div class=\"elementor-author-box__text\">\n\t\t\t\t\t\t\t\t\t<div >\n\t\t\t\t\t\t<h5 class=\"elementor-author-box__name\">\n\t\t\t\t\t\t\tDani P\u00e9rez\t\t\t\t\t\t<\/h5>\n\t\t\t\t\t<\/div>\n\t\t\t\t\n\t\t\t\t\t\t\t\t\t<div class=\"elementor-author-box__bio\">\n\t\t\t\t\t\t<p>Jugador profesional del Baloncesto espa\u00f1ol, nacido en 1990 en Hospitalet de Llobregat.<br \/>\nDespu\u00e9s de varias etapas con diferentes equipos de LEB Oro y la Liga Endesa, el jugador se establece como base del Baloncesto Manresa.<\/p>\n\t\t\t\t\t<\/div>\n\t\t\t\t\n\t\t\t\t\t\t\t<\/div>\n\t\t<\/div>\n\t\t\t\t\t\t<\/div>\n\t\t\t\t<\/div>\n\t\t\t\t<div class=\"elementor-element elementor-element-7bb1f4f elementor-widget elementor-widget-spacer\" data-id=\"7bb1f4f\" data-element_type=\"widget\" data-widget_type=\"spacer.default\">\n\t\t\t\t<div class=\"elementor-widget-container\">\n\t\t\t\t\t\t\t<div class=\"elementor-spacer\">\n\t\t\t<div class=\"elementor-spacer-inner\"><\/div>\n\t\t<\/div>\n\t\t\t\t\t\t<\/div>\n\t\t\t\t<\/div>\n\t\t\t\t\t<\/div>\n\t\t<\/div>\n\t\t\t\t\t<\/div>\n\t\t<\/section>\n\t\t\t\t<section class=\"has_eae_slider elementor-section elementor-top-section elementor-element elementor-element-f055bb5 elementor-section-stretched elementor-hidden-desktop elementor-hidden-tablet elementor-section-boxed elementor-section-height-default elementor-section-height-default\" data-eae-slider=\"78228\" data-id=\"f055bb5\" data-element_type=\"section\" data-settings=\"{&quot;stretch_section&quot;:&quot;section-stretched&quot;,&quot;_ha_eqh_enable&quot;:false}\">\n\t\t\t\t\t\t<div class=\"elementor-container elementor-column-gap-default\">\n\t\t\t\t\t<div class=\"has_eae_slider elementor-column elementor-col-100 elementor-top-column elementor-element elementor-element-42fcdb0\" data-eae-slider=\"13863\" data-id=\"42fcdb0\" data-element_type=\"column\">\n\t\t\t<div class=\"elementor-widget-wrap elementor-element-populated\">\n\t\t\t\t\t\t<div class=\"elementor-element elementor-element-b837061 elementor-author-box--layout-image-above elementor-author-box--align-center elementor-widget elementor-widget-author-box\" data-id=\"b837061\" data-element_type=\"widget\" data-widget_type=\"author-box.default\">\n\t\t\t\t<div class=\"elementor-widget-container\">\n\t\t\t\t\t\t\t<div class=\"elementor-author-box\">\n\t\t\t\t\t\t\t<div  class=\"elementor-author-box__avatar\">\n\t\t\t\t\t<img decoding=\"async\" src=\"https:\/\/inmoovs.com\/wp-content\/uploads\/2023\/07\/Inmoovs-300x300.jpg\" alt=\"Imagen de Dani P\u00e9rez\" loading=\"lazy\">\n\t\t\t\t<\/div>\n\t\t\t\n\t\t\t<div class=\"elementor-author-box__text\">\n\t\t\t\t\t\t\t\t\t<div >\n\t\t\t\t\t\t<h5 class=\"elementor-author-box__name\">\n\t\t\t\t\t\t\tDani P\u00e9rez\t\t\t\t\t\t<\/h5>\n\t\t\t\t\t<\/div>\n\t\t\t\t\n\t\t\t\t\t\t\t\t\t<div class=\"elementor-author-box__bio\">\n\t\t\t\t\t\t<p>Jugador profesional del Baloncesto espa\u00f1ol, nacido en 1990 en Hospitalet de Llobregat.<br \/>\nDespu\u00e9s de varias etapas con diferentes equipos de LEB Oro y la Liga Endesa, el jugador se establece como base del Baloncesto Manresa.<\/p>\n\t\t\t\t\t<\/div>\n\t\t\t\t\n\t\t\t\t\t\t\t<\/div>\n\t\t<\/div>\n\t\t\t\t\t\t<\/div>\n\t\t\t\t<\/div>\n\t\t\t\t<div class=\"elementor-element elementor-element-da3bd49 elementor-widget elementor-widget-spacer\" data-id=\"da3bd49\" data-element_type=\"widget\" data-widget_type=\"spacer.default\">\n\t\t\t\t<div class=\"elementor-widget-container\">\n\t\t\t\t\t\t\t<div class=\"elementor-spacer\">\n\t\t\t<div class=\"elementor-spacer-inner\"><\/div>\n\t\t<\/div>\n\t\t\t\t\t\t<\/div>\n\t\t\t\t<\/div>\n\t\t\t\t\t<\/div>\n\t\t<\/div>\n\t\t\t\t\t<\/div>\n\t\t<\/section>\n\t\t\t\t<section class=\"has_eae_slider elementor-section elementor-top-section elementor-element elementor-element-3360781 elementor-section-stretched elementor-section-boxed elementor-section-height-default elementor-section-height-default\" data-eae-slider=\"36797\" data-id=\"3360781\" data-element_type=\"section\" data-settings=\"{&quot;stretch_section&quot;:&quot;section-stretched&quot;,&quot;_ha_eqh_enable&quot;:false}\">\n\t\t\t\t\t\t<div class=\"elementor-container elementor-column-gap-default\">\n\t\t\t\t\t<div class=\"has_eae_slider elementor-column elementor-col-100 elementor-top-column elementor-element elementor-element-62f7d3e\" data-eae-slider=\"79468\" data-id=\"62f7d3e\" data-element_type=\"column\">\n\t\t\t<div class=\"elementor-widget-wrap elementor-element-populated\">\n\t\t\t\t\t\t<div class=\"elementor-element elementor-element-d97e47f elementor-widget elementor-widget-heading\" data-id=\"d97e47f\" data-element_type=\"widget\" data-widget_type=\"heading.default\">\n\t\t\t\t<div class=\"elementor-widget-container\">\n\t\t\t\t\t<p class=\"elementor-heading-title elementor-size-small\">Pisando fuerte<\/p>\t\t\t\t<\/div>\n\t\t\t\t<\/div>\n\t\t\t\t<div class=\"elementor-element elementor-element-979ad81 elementor-widget elementor-widget-text-editor\" data-id=\"979ad81\" data-element_type=\"widget\" data-widget_type=\"text-editor.default\">\n\t\t\t\t<div class=\"elementor-widget-container\">\n\t\t\t\t\t\t\t\t\t<p>Con tan solo tres a\u00f1os de edad, Dani P\u00e9rez ya empezaba a jugar con la pelota de baloncesto, imitando lo que hac\u00eda su hermano, 5 a\u00f1os mayor que \u00e9l.<\/p><p>Aunque su hermano jugaba al baloncesto de forma amateur, no hay nadie de la familia de Dani que se haya dedicado a este mundo profesionalmente.<\/p><p>Dani empez\u00f3 desde peque\u00f1o a jugar a un equipo local, ya la edad de los 13 empez\u00f3 su trayectoria en la <i>cantera <\/i>del FC Barcelona en las categor\u00edas inferiores. No fue hasta los <span style=\"letter-spacing: -0.3px; color: var( --e-global-color-text ); background-color: var( --e-global-color-b3a21e2 );\">18 a\u00f1os cuando el jugador firm\u00f3 su primer contrato con el Bar\u00e7a,<\/span><span style=\"letter-spacing: -0.3px; color: var( --e-global-color-text ); background-color: var( --e-global-color-b3a21e2 );\">abri\u00e9ndole las puertas para competir en el baloncesto profesionalmente.<\/span><\/p>\t\t\t\t\t\t\t\t<\/div>\n\t\t\t\t<\/div>\n\t\t\t\t\t<\/div>\n\t\t<\/div>\n\t\t\t\t\t<\/div>\n\t\t<\/section>\n\t\t\t\t<section class=\"has_eae_slider elementor-section elementor-top-section elementor-element elementor-element-a4cfe5e elementor-section-stretched elementor-section-boxed elementor-section-height-default elementor-section-height-default\" data-eae-slider=\"9553\" data-id=\"a4cfe5e\" data-element_type=\"section\" data-settings=\"{&quot;stretch_section&quot;:&quot;section-stretched&quot;,&quot;_ha_eqh_enable&quot;:false}\">\n\t\t\t\t\t\t<div class=\"elementor-container elementor-column-gap-default\">\n\t\t\t\t\t<div class=\"has_eae_slider elementor-column elementor-col-100 elementor-top-column elementor-element elementor-element-cf58e5e\" data-eae-slider=\"49403\" data-id=\"cf58e5e\" data-element_type=\"column\">\n\t\t\t<div class=\"elementor-widget-wrap elementor-element-populated\">\n\t\t\t\t\t\t<div class=\"elementor-element elementor-element-a3dce59 elementor-blockquote--skin-quotation elementor-blockquote--align-left elementor-blockquote--button-color-official elementor-widget elementor-widget-blockquote\" data-id=\"a3dce59\" data-element_type=\"widget\" data-widget_type=\"blockquote.default\">\n\t\t\t\t<div class=\"elementor-widget-container\">\n\t\t\t\t\t\t\t<blockquote class=\"elementor-blockquote\">\n\t\t\t<p class=\"elementor-blockquote__content\">\n\t\t\t\t<span style=\"font-style: normal; letter-spacing: -0.3px; white-space-collapse: collapse;\">En ese momento era muy consciente de que en el Bar\u00e7a siempre est\u00e1n los mejores jugadores de Europa, y que para un jugador que sube de la cantera es muy dif\u00edcil tener oportunidades.<\/span>\t\t\t<\/p>\n\t\t\t\t\t\t\t<div class=\"e-q-footer\">\n\t\t\t\t\t\t\t\t\t\t\t<cite class=\"elementor-blockquote__author\">Ens explica Dani P\u00e9rez a l'entrevista realitzada<\/cite>\n\t\t\t\t\t\t\t\t\t\t\t\t\t\t<\/div>\n\t\t\t\t\t<\/blockquote>\n\t\t\t\t\t\t<\/div>\n\t\t\t\t<\/div>\n\t\t\t\t<div class=\"elementor-element elementor-element-b556f3b elementor-widget elementor-widget-spacer\" data-id=\"b556f3b\" data-element_type=\"widget\" data-widget_type=\"spacer.default\">\n\t\t\t\t<div class=\"elementor-widget-container\">\n\t\t\t\t\t\t\t<div class=\"elementor-spacer\">\n\t\t\t<div class=\"elementor-spacer-inner\"><\/div>\n\t\t<\/div>\n\t\t\t\t\t\t<\/div>\n\t\t\t\t<\/div>\n\t\t\t\t\t<\/div>\n\t\t<\/div>\n\t\t\t\t\t<\/div>\n\t\t<\/section>\n\t\t\t\t<section class=\"has_eae_slider elementor-section elementor-top-section elementor-element elementor-element-a786895 elementor-section-stretched elementor-hidden-tablet elementor-hidden-mobile elementor-section-boxed elementor-section-height-default elementor-section-height-default\" data-eae-slider=\"17478\" data-id=\"a786895\" data-element_type=\"section\" data-settings=\"{&quot;stretch_section&quot;:&quot;section-stretched&quot;,&quot;_ha_eqh_enable&quot;:false}\">\n\t\t\t\t\t\t<div class=\"elementor-container elementor-column-gap-default\">\n\t\t\t\t\t<div class=\"has_eae_slider elementor-column elementor-col-66 elementor-top-column elementor-element elementor-element-9102bfd\" data-eae-slider=\"15503\" data-id=\"9102bfd\" data-element_type=\"column\">\n\t\t\t<div class=\"elementor-widget-wrap elementor-element-populated\">\n\t\t\t\t\t\t<div class=\"elementor-element elementor-element-56ce07e elementor-widget elementor-widget-heading\" data-id=\"56ce07e\" data-element_type=\"widget\" data-widget_type=\"heading.default\">\n\t\t\t\t<div class=\"elementor-widget-container\">\n\t\t\t\t\t<h3 class=\"elementor-heading-title elementor-size-default\">Alcanzando grandes metas<\/h3>\t\t\t\t<\/div>\n\t\t\t\t<\/div>\n\t\t\t\t<div class=\"elementor-element elementor-element-b400f14 elementor-widget elementor-widget-text-editor\" data-id=\"b400f14\" data-element_type=\"widget\" data-widget_type=\"text-editor.default\">\n\t\t\t\t<div class=\"elementor-widget-container\">\n\t\t\t\t\t\t\t\t\t<ul><li><span style=\"color: var( --e-global-color-text ); background-color: var( --e-global-color-b3a21e2 ); letter-spacing: -0.3px;\">2016 &#8211; Campe\u00f3n Copa Princesa<\/span><em style=\"color: var( --e-global-color-text ); background-color: var( --e-global-color-b3a21e2 ); letter-spacing: -0.3px;\"> (Quesos Cerrato Palencia)<\/em><\/li><li><span style=\"color: var( --e-global-color-text ); background-color: var( --e-global-color-b3a21e2 ); letter-spacing: -0.3px;\">2016 <\/span><em style=\"color: var( --e-global-color-text ); background-color: var( --e-global-color-b3a21e2 ); letter-spacing: -0.3px;\">&#8211; <\/em><span style=\"color: var( --e-global-color-text ); background-color: var( --e-global-color-b3a21e2 ); letter-spacing: -0.3px;\">LEB Or <\/span><em style=\"color: var( --e-global-color-text ); background-color: var( --e-global-color-b3a21e2 ); letter-spacing: -0.3px;\">(Quesos <\/em><em style=\"color: var( --e-global-color-text ); background-color: var( --e-global-color-b3a21e2 ); letter-spacing: -0.3px;\">Cerrato Palencia)<\/em><\/li><li><em style=\"color: var( --e-global-color-text ); background-color: var( --e-global-color-b3a21e2 ); letter-spacing: -0.3px;\">2017 &#8211; Campe\u00f3n Copa Princesa (Uni\u00f3n Financiera Oviedo)<\/em><\/li><li><span style=\"color: var( --e-global-color-text ); background-color: var( --e-global-color-b3a21e2 ); letter-spacing: -0.3px;\">2019 &#8211; Jugador de la Jornada 28 <\/span><em style=\"color: var( --e-global-color-text ); background-color: var( --e-global-color-b3a21e2 ); letter-spacing: -0.3px;\">(Liga Endesa)<\/em><\/li><li><span style=\"color: var( --e-global-color-text ); letter-spacing: -0.3px; background-color: var( --e-global-color-b3a21e2 );\">2022<strong> &#8211;<\/strong> Campe\u00f3n de la Liga<\/span><span style=\"color: var( --e-global-color-text ); letter-spacing: -0.3px; background-color: var( --e-global-color-b3a21e2 );\">Catalana <em>(B\u00e0squet Manresa)<\/em><\/span><\/li><li><span style=\"background-color: var( --e-global-color-b3a21e2 ); color: var( --e-global-color-text ); letter-spacing: -0.3px;\">2022 &#8211; Subcampe\u00f3n Basketball Champions League <\/span><em style=\"color: var( --e-global-color-text ); letter-spacing: -0.3px;\">(B\u00e0squet Manresa)<\/em><\/li><\/ul>\t\t\t\t\t\t\t\t<\/div>\n\t\t\t\t<\/div>\n\t\t\t\t<div class=\"elementor-element elementor-element-b690154 elementor-widget elementor-widget-text-editor\" data-id=\"b690154\" data-element_type=\"widget\" data-widget_type=\"text-editor.default\">\n\t\t\t\t<div class=\"elementor-widget-container\">\n\t\t\t\t\t\t\t\t\t<p>Con 15 temporadas en el baloncesto profesional, 8 de ellas en <span style=\"color: var( --e-global-color-text ); background-color: var( --e-global-color-b3a21e2 ); letter-spacing: -0.3px;\">la liga ACB, y un debut en la<\/span><span style=\"color: var( --e-global-color-text ); background-color: var( --e-global-color-b3a21e2 ); letter-spacing: -0.3px;\">selecci\u00f3n Espa\u00f1ola Absoluta.<\/span><\/p>\t\t\t\t\t\t\t\t<\/div>\n\t\t\t\t<\/div>\n\t\t\t\t\t<\/div>\n\t\t<\/div>\n\t\t\t\t<div class=\"has_eae_slider elementor-column elementor-col-66 elementor-top-column elementor-element elementor-element-373712b\" data-eae-slider=\"78664\" data-id=\"373712b\" data-element_type=\"column\">\n\t\t\t<div class=\"elementor-widget-wrap elementor-element-populated\">\n\t\t\t\t\t\t<div class=\"elementor-element elementor-element-7ef9c0a elementor-widget elementor-widget-image\" data-id=\"7ef9c0a\" data-element_type=\"widget\" data-widget_type=\"image.default\">\n\t\t\t\t<div class=\"elementor-widget-container\">\n\t\t\t\t\t\t\t\t\t\t\t\t\t\t\t<img fetchpriority=\"high\" decoding=\"async\" width=\"534\" height=\"800\" src=\"https:\/\/inmoovs.com\/wp-content\/uploads\/2023\/07\/Metes-Dani-Perez.jpg\" class=\"attachment-medium_large size-medium_large wp-image-9686\" alt=\"\" srcset=\"https:\/\/inmoovs.com\/wp-content\/uploads\/2023\/07\/Metes-Dani-Perez.jpg 534w, https:\/\/inmoovs.com\/wp-content\/uploads\/2023\/07\/Metes-Dani-Perez-200x300.jpg 200w\" sizes=\"(max-width: 534px) 100vw, 534px\" \/>\t\t\t\t\t\t\t\t\t\t\t\t\t\t\t<\/div>\n\t\t\t\t<\/div>\n\t\t\t\t\t<\/div>\n\t\t<\/div>\n\t\t\t\t\t<\/div>\n\t\t<\/section>\n\t\t\t\t<section class=\"has_eae_slider elementor-section elementor-top-section elementor-element elementor-element-61966e2 elementor-hidden-desktop elementor-section-stretched elementor-section-boxed elementor-section-height-default elementor-section-height-default\" data-eae-slider=\"83646\" data-id=\"61966e2\" data-element_type=\"section\" data-settings=\"{&quot;stretch_section&quot;:&quot;section-stretched&quot;,&quot;_ha_eqh_enable&quot;:false}\">\n\t\t\t\t\t\t<div class=\"elementor-container elementor-column-gap-default\">\n\t\t\t\t\t<div class=\"has_eae_slider elementor-column elementor-col-100 elementor-top-column elementor-element elementor-element-37e7dfd\" data-eae-slider=\"67513\" data-id=\"37e7dfd\" data-element_type=\"column\">\n\t\t\t<div class=\"elementor-widget-wrap elementor-element-populated\">\n\t\t\t\t\t\t<div class=\"elementor-element elementor-element-c7c286b elementor-widget elementor-widget-spacer\" data-id=\"c7c286b\" data-element_type=\"widget\" data-widget_type=\"spacer.default\">\n\t\t\t\t<div class=\"elementor-widget-container\">\n\t\t\t\t\t\t\t<div class=\"elementor-spacer\">\n\t\t\t<div class=\"elementor-spacer-inner\"><\/div>\n\t\t<\/div>\n\t\t\t\t\t\t<\/div>\n\t\t\t\t<\/div>\n\t\t\t\t<div class=\"elementor-element elementor-element-90e538a elementor-widget elementor-widget-heading\" data-id=\"90e538a\" data-element_type=\"widget\" data-widget_type=\"heading.default\">\n\t\t\t\t<div class=\"elementor-widget-container\">\n\t\t\t\t\t<h3 class=\"elementor-heading-title elementor-size-default\">Alcanzando grandes metas<\/h3>\t\t\t\t<\/div>\n\t\t\t\t<\/div>\n\t\t\t\t<div class=\"elementor-element elementor-element-8975350 elementor-widget elementor-widget-text-editor\" data-id=\"8975350\" data-element_type=\"widget\" data-widget_type=\"text-editor.default\">\n\t\t\t\t<div class=\"elementor-widget-container\">\n\t\t\t\t\t\t\t\t\t<ul style=\"font-size: 16px; background-color: #e6e6e6; letter-spacing: -0.3px;\"><li style=\"font-size: 16px;\"><span style=\"color: var( --e-global-color-text ); background-color: var( --e-global-color-b3a21e2 ); letter-spacing: -0.3px;\">2016 &#8211; Subcampe\u00f3n Copa Princesa<\/span><em style=\"color: var( --e-global-color-text ); background-color: var( --e-global-color-b3a21e2 ); letter-spacing: -0.3px;\"> (Quesos Cerrato Palencia)<\/em><\/li><li style=\"font-size: 16px;\"><span style=\"color: var( --e-global-color-text ); background-color: var( --e-global-color-b3a21e2 ); letter-spacing: -0.3px;\">2016 <\/span><em style=\"color: var( --e-global-color-text ); background-color: var( --e-global-color-b3a21e2 ); letter-spacing: -0.3px;\">&#8211; <\/em><span style=\"color: var( --e-global-color-text ); background-color: var( --e-global-color-b3a21e2 ); letter-spacing: -0.3px;\">LEB Or <\/span><em style=\"color: var( --e-global-color-text ); background-color: var( --e-global-color-b3a21e2 ); letter-spacing: -0.3px;\">(Quesos <\/em><em style=\"color: var( --e-global-color-text ); background-color: var( --e-global-color-b3a21e2 ); letter-spacing: -0.3px;\">Cerrato Palencia)<\/em><\/li><li style=\"font-size: 16px;\"><span style=\"color: var( --e-global-color-text ); background-color: var( --e-global-color-b3a21e2 ); letter-spacing: -0.3px;\">2019 &#8211; Jugador de la Jornada 28 <\/span><em style=\"color: var( --e-global-color-text ); background-color: var( --e-global-color-b3a21e2 ); letter-spacing: -0.3px;\">(Liga Endesa)<\/em><\/li><li style=\"font-size: 16px;\"><span style=\"color: var( --e-global-color-text ); letter-spacing: -0.3px; background-color: var( --e-global-color-b3a21e2 );\">2022<span style=\"font-weight: bolder;\"> &#8211;<\/span> Campe\u00f3n de la Liga<\/span><span style=\"color: var( --e-global-color-text ); letter-spacing: -0.3px; background-color: var( --e-global-color-b3a21e2 );\">Catalana <em>(B\u00e0squet Manresa)<\/em><\/span><\/li><li style=\"font-size: 16px;\"><span style=\"background-color: var( --e-global-color-b3a21e2 ); color: var( --e-global-color-text ); letter-spacing: -0.3px;\">2022 &#8211; Subcampe\u00f3n Basketball Champions League <\/span><em style=\"color: var( --e-global-color-text ); letter-spacing: -0.3px;\">(B\u00e0squet Manresa)<\/em><\/li><\/ul>\t\t\t\t\t\t\t\t<\/div>\n\t\t\t\t<\/div>\n\t\t\t\t<div class=\"elementor-element elementor-element-45772a7 elementor-widget elementor-widget-text-editor\" data-id=\"45772a7\" data-element_type=\"widget\" data-widget_type=\"text-editor.default\">\n\t\t\t\t<div class=\"elementor-widget-container\">\n\t\t\t\t\t\t\t\t\t<p><span style=\"letter-spacing: -0.3px;\">Con 15 temporadas en el baloncesto profesional, 8 de ellas en<\/span><span style=\"color: var( --e-global-color-text ); letter-spacing: -0.3px; background-color: var( --e-global-color-b3a21e2 );\">la liga ACB, y un debut en la<\/span><span style=\"color: var( --e-global-color-text ); letter-spacing: -0.3px; background-color: var( --e-global-color-b3a21e2 );\">selecci\u00f3n Espa\u00f1ola Absoluta.<\/span><\/p>\t\t\t\t\t\t\t\t<\/div>\n\t\t\t\t<\/div>\n\t\t\t\t<div class=\"elementor-element elementor-element-5837c2e elementor-widget elementor-widget-image\" data-id=\"5837c2e\" data-element_type=\"widget\" data-widget_type=\"image.default\">\n\t\t\t\t<div class=\"elementor-widget-container\">\n\t\t\t\t\t\t\t\t\t\t\t\t\t\t\t<img decoding=\"async\" width=\"800\" height=\"534\" src=\"https:\/\/inmoovs.com\/wp-content\/uploads\/2023\/07\/Metes-Dani-Perez_Mobile.jpg\" class=\"attachment-large size-large wp-image-9688\" alt=\"\" srcset=\"https:\/\/inmoovs.com\/wp-content\/uploads\/2023\/07\/Metes-Dani-Perez_Mobile.jpg 800w, https:\/\/inmoovs.com\/wp-content\/uploads\/2023\/07\/Metes-Dani-Perez_Mobile-300x200.jpg 300w, https:\/\/inmoovs.com\/wp-content\/uploads\/2023\/07\/Metes-Dani-Perez_Mobile-768x513.jpg 768w\" sizes=\"(max-width: 800px) 100vw, 800px\" \/>\t\t\t\t\t\t\t\t\t\t\t\t\t\t\t<\/div>\n\t\t\t\t<\/div>\n\t\t\t\t\t<\/div>\n\t\t<\/div>\n\t\t\t\t\t<\/div>\n\t\t<\/section>\n\t\t\t\t<section class=\"has_eae_slider elementor-section elementor-top-section elementor-element elementor-element-9471cd5 elementor-section-stretched elementor-section-boxed elementor-section-height-default elementor-section-height-default\" data-eae-slider=\"29990\" data-id=\"9471cd5\" data-element_type=\"section\" data-settings=\"{&quot;stretch_section&quot;:&quot;section-stretched&quot;,&quot;_ha_eqh_enable&quot;:false}\">\n\t\t\t\t\t\t<div class=\"elementor-container elementor-column-gap-default\">\n\t\t\t\t\t<div class=\"has_eae_slider elementor-column elementor-col-100 elementor-top-column elementor-element elementor-element-b515d13\" data-eae-slider=\"19095\" data-id=\"b515d13\" data-element_type=\"column\">\n\t\t\t<div class=\"elementor-widget-wrap elementor-element-populated\">\n\t\t\t\t\t\t<div class=\"elementor-element elementor-element-13d20b6 elementor-widget elementor-widget-spacer\" data-id=\"13d20b6\" data-element_type=\"widget\" data-widget_type=\"spacer.default\">\n\t\t\t\t<div class=\"elementor-widget-container\">\n\t\t\t\t\t\t\t<div class=\"elementor-spacer\">\n\t\t\t<div class=\"elementor-spacer-inner\"><\/div>\n\t\t<\/div>\n\t\t\t\t\t\t<\/div>\n\t\t\t\t<\/div>\n\t\t\t\t<div class=\"elementor-element elementor-element-8210d8c elementor-widget elementor-widget-text-editor\" data-id=\"8210d8c\" data-element_type=\"widget\" data-widget_type=\"text-editor.default\">\n\t\t\t\t<div class=\"elementor-widget-container\">\n\t\t\t\t\t\t\t\t\t<p><span style=\"letter-spacing: -0.3px;\">Adem\u00e1s, cabe destacar que la carrera en el baloncesto de elite ha sido un gran reto para el jugador porque, como nos explica en la entrevista, sus condiciones f\u00edsicas no son espectaculares.<\/span><\/p>\t\t\t\t\t\t\t\t<\/div>\n\t\t\t\t<\/div>\n\t\t\t\t<div class=\"elementor-element elementor-element-5499364 elementor-blockquote--skin-quotation elementor-blockquote--align-left elementor-blockquote--button-color-official elementor-widget elementor-widget-blockquote\" data-id=\"5499364\" data-element_type=\"widget\" data-widget_type=\"blockquote.default\">\n\t\t\t\t<div class=\"elementor-widget-container\">\n\t\t\t\t\t\t\t<blockquote class=\"elementor-blockquote\">\n\t\t\t<p class=\"elementor-blockquote__content\">\n\t\t\t\tHay muchos jugadores que tienen unas condiciones f\u00edsicas y atl\u00e9ticas por encima de la media. Que son muy altos, saltan mucho, son m\u00e1s r\u00e1pidos... Pero yo considero que no aglutino ninguna de estas condiciones. Aunque si he llegado hasta d\u00f3nde he llegado, ha sido a base de esfuerzo y trabajo.\t\t\t<\/p>\n\t\t\t\t\t\t\t<div class=\"e-q-footer\">\n\t\t\t\t\t\t\t\t\t\t\t<cite class=\"elementor-blockquote__author\">Entrevista a Dani P\u00e9rez<\/cite>\n\t\t\t\t\t\t\t\t\t\t\t\t\t\t<\/div>\n\t\t\t\t\t<\/blockquote>\n\t\t\t\t\t\t<\/div>\n\t\t\t\t<\/div>\n\t\t\t\t<div class=\"elementor-element elementor-element-e6a5788 elementor-widget elementor-widget-text-editor\" data-id=\"e6a5788\" data-element_type=\"widget\" data-widget_type=\"text-editor.default\">\n\t\t\t\t<div class=\"elementor-widget-container\">\n\t\t\t\t\t\t\t\t\t<p><span style=\"letter-spacing: -0.3px; color: var( --e-global-color-text ); background-color: var( --e-global-color-b3a21e2 );\">Con 1.84 de altura, el jugador del Manresa ha demostrado que es capaz de estar a la altura de cualquier competici\u00f3n. Empez\u00f3 jugando en las ligas LEP a equipos fuera del Bar\u00e7a, y poco a poco fue golpeando piedra hasta la ACB. Actualmente, es un jugador que se est\u00e1 consolidando en la liga y demostrando su experiencia en la categor\u00eda.<\/span><\/p>\t\t\t\t\t\t\t\t<\/div>\n\t\t\t\t<\/div>\n\t\t\t\t<div class=\"elementor-element elementor-element-be9ee3f elementor-widget elementor-widget-text-editor\" data-id=\"be9ee3f\" data-element_type=\"widget\" data-widget_type=\"text-editor.default\">\n\t\t\t\t<div class=\"elementor-widget-container\">\n\t\t\t\t\t\t\t\t\t<p><strong>Un sue\u00f1o hecho realidad a base de esfuerzo y dedicaci\u00f3n<\/strong><\/p>\t\t\t\t\t\t\t\t<\/div>\n\t\t\t\t<\/div>\n\t\t\t\t<div class=\"elementor-element elementor-element-df72218 elementor-widget elementor-widget-text-editor\" data-id=\"df72218\" data-element_type=\"widget\" data-widget_type=\"text-editor.default\">\n\t\t\t\t<div class=\"elementor-widget-container\">\n\t\t\t\t\t\t\t\t\t<p><span style=\"letter-spacing: -0.3px; color: var( --e-global-color-text ); background-color: var( --e-global-color-b3a21e2 );\">El futuro de Dani P\u00e9rez, con 33 a\u00f1os cumplidos, es seguir trabajando, cuidarse y alargar su mejor nivel lo m\u00e1ximo posible.<\/span><\/p>\t\t\t\t\t\t\t\t<\/div>\n\t\t\t\t<\/div>\n\t\t\t\t<div class=\"elementor-element elementor-element-aa89032 elementor-widget elementor-widget-spacer\" data-id=\"aa89032\" data-element_type=\"widget\" data-widget_type=\"spacer.default\">\n\t\t\t\t<div class=\"elementor-widget-container\">\n\t\t\t\t\t\t\t<div class=\"elementor-spacer\">\n\t\t\t<div class=\"elementor-spacer-inner\"><\/div>\n\t\t<\/div>\n\t\t\t\t\t\t<\/div>\n\t\t\t\t<\/div>\n\t\t\t\t\t<\/div>\n\t\t<\/div>\n\t\t\t\t\t<\/div>\n\t\t<\/section>\n\t\t\t\t<section class=\"has_eae_slider elementor-section elementor-top-section elementor-element elementor-element-474a559 elementor-section-stretched elementor-hidden-tablet elementor-hidden-mobile elementor-section-boxed elementor-section-height-default elementor-section-height-default\" data-eae-slider=\"93964\" data-id=\"474a559\" data-element_type=\"section\" data-settings=\"{&quot;stretch_section&quot;:&quot;section-stretched&quot;,&quot;_ha_eqh_enable&quot;:false}\">\n\t\t\t\t\t\t<div class=\"elementor-container elementor-column-gap-default\">\n\t\t\t\t\t<div class=\"has_eae_slider elementor-column elementor-col-66 elementor-top-column elementor-element elementor-element-254ab60\" data-eae-slider=\"74523\" data-id=\"254ab60\" data-element_type=\"column\">\n\t\t\t<div class=\"elementor-widget-wrap elementor-element-populated\">\n\t\t\t\t\t\t<div class=\"elementor-element elementor-element-8bdaf94 elementor-widget elementor-widget-image\" data-id=\"8bdaf94\" data-element_type=\"widget\" data-widget_type=\"image.default\">\n\t\t\t\t<div class=\"elementor-widget-container\">\n\t\t\t\t\t\t\t\t\t\t\t\t\t\t\t<img decoding=\"async\" width=\"534\" height=\"800\" src=\"https:\/\/inmoovs.com\/wp-content\/uploads\/2023\/07\/Rendirse-Dani-Perez.jpg\" class=\"attachment-large size-large wp-image-9696\" alt=\"\" srcset=\"https:\/\/inmoovs.com\/wp-content\/uploads\/2023\/07\/Rendirse-Dani-Perez.jpg 534w, https:\/\/inmoovs.com\/wp-content\/uploads\/2023\/07\/Rendirse-Dani-Perez-200x300.jpg 200w\" sizes=\"(max-width: 534px) 100vw, 534px\" \/>\t\t\t\t\t\t\t\t\t\t\t\t\t\t\t<\/div>\n\t\t\t\t<\/div>\n\t\t\t\t\t<\/div>\n\t\t<\/div>\n\t\t\t\t<div class=\"has_eae_slider elementor-column elementor-col-66 elementor-top-column elementor-element elementor-element-a638337\" data-eae-slider=\"76326\" data-id=\"a638337\" data-element_type=\"column\">\n\t\t\t<div class=\"elementor-widget-wrap elementor-element-populated\">\n\t\t\t\t\t\t<div class=\"elementor-element elementor-element-b9529b6 elementor-widget elementor-widget-heading\" data-id=\"b9529b6\" data-element_type=\"widget\" data-widget_type=\"heading.default\">\n\t\t\t\t<div class=\"elementor-widget-container\">\n\t\t\t\t\t<h3 class=\"elementor-heading-title elementor-size-default\">Rendirse no es una opci\u00f3n<\/h3>\t\t\t\t<\/div>\n\t\t\t\t<\/div>\n\t\t\t\t<div class=\"elementor-element elementor-element-0e57bd0 elementor-widget elementor-widget-text-editor\" data-id=\"0e57bd0\" data-element_type=\"widget\" data-widget_type=\"text-editor.default\">\n\t\t\t\t<div class=\"elementor-widget-container\">\n\t\t\t\t\t\t\t\t\t<p>Dani explica que el trabajo diario y la <span style=\"color: var( --e-global-color-text ); background-color: var( --e-global-color-b3a21e2 ); letter-spacing: -0.3px;\">ilusi\u00f3n son la clave para superar sus retos.<\/span><\/p><p><span style=\"color: var( --e-global-color-text ); background-color: var( --e-global-color-b3a21e2 ); letter-spacing: -0.3px;\">Tiene claro que todo el mundo tiene decepciones y obst\u00e1culos en su <\/span><span style=\"letter-spacing: -0.3px; color: var( --e-global-color-text ); background-color: var( --e-global-color-b3a21e2 );\">carrera profesional, como lesiones, falta de confianza o desacierto, pero que la clave es <\/span><span style=\"background-color: var( --e-global-color-b3a21e2 ); color: var( --e-global-color-text ); letter-spacing: -0.3px;\">persistir, seguir trabajando, y que con trabajo y confianza estos momentos se pueden superar.<\/span><\/p>\t\t\t\t\t\t\t\t<\/div>\n\t\t\t\t<\/div>\n\t\t\t\t\t<\/div>\n\t\t<\/div>\n\t\t\t\t\t<\/div>\n\t\t<\/section>\n\t\t\t\t<section class=\"has_eae_slider elementor-section elementor-top-section elementor-element elementor-element-d61ad0f elementor-hidden-desktop elementor-section-stretched elementor-section-boxed elementor-section-height-default elementor-section-height-default\" data-eae-slider=\"32720\" data-id=\"d61ad0f\" data-element_type=\"section\" data-settings=\"{&quot;stretch_section&quot;:&quot;section-stretched&quot;,&quot;_ha_eqh_enable&quot;:false}\">\n\t\t\t\t\t\t<div class=\"elementor-container elementor-column-gap-default\">\n\t\t\t\t\t<div class=\"has_eae_slider elementor-column elementor-col-100 elementor-top-column elementor-element elementor-element-68d6b88\" data-eae-slider=\"16614\" data-id=\"68d6b88\" data-element_type=\"column\">\n\t\t\t<div class=\"elementor-widget-wrap elementor-element-populated\">\n\t\t\t\t\t\t<div class=\"elementor-element elementor-element-1b65e58 elementor-widget elementor-widget-spacer\" data-id=\"1b65e58\" data-element_type=\"widget\" data-widget_type=\"spacer.default\">\n\t\t\t\t<div class=\"elementor-widget-container\">\n\t\t\t\t\t\t\t<div class=\"elementor-spacer\">\n\t\t\t<div class=\"elementor-spacer-inner\"><\/div>\n\t\t<\/div>\n\t\t\t\t\t\t<\/div>\n\t\t\t\t<\/div>\n\t\t\t\t<div class=\"elementor-element elementor-element-2273ed3 elementor-widget elementor-widget-heading\" data-id=\"2273ed3\" data-element_type=\"widget\" data-widget_type=\"heading.default\">\n\t\t\t\t<div class=\"elementor-widget-container\">\n\t\t\t\t\t<h3 class=\"elementor-heading-title elementor-size-default\">Rendirse no es una opci\u00f3n<\/h3>\t\t\t\t<\/div>\n\t\t\t\t<\/div>\n\t\t\t\t<div class=\"elementor-element elementor-element-0bfb208 elementor-widget elementor-widget-text-editor\" data-id=\"0bfb208\" data-element_type=\"widget\" data-widget_type=\"text-editor.default\">\n\t\t\t\t<div class=\"elementor-widget-container\">\n\t\t\t\t\t\t\t\t\t<p>Dani explica que el trabajo diario y la ilusi\u00f3n son la clave para superar sus retos.<\/p><p>Tiene claro que todo el mundo tiene decepciones y obst\u00e1culos en su carrera profesional, como lesiones, falta de confianza o desacierto, pero que la clave es persistir, seguir trabajando, y que con trabajo y confianza estos momentos pueden superarse.<\/p>\t\t\t\t\t\t\t\t<\/div>\n\t\t\t\t<\/div>\n\t\t\t\t<div class=\"elementor-element elementor-element-1d5aa86 elementor-widget elementor-widget-image\" data-id=\"1d5aa86\" data-element_type=\"widget\" data-widget_type=\"image.default\">\n\t\t\t\t<div class=\"elementor-widget-container\">\n\t\t\t\t\t\t\t\t\t\t\t\t\t\t\t<img loading=\"lazy\" decoding=\"async\" width=\"800\" height=\"534\" src=\"https:\/\/inmoovs.com\/wp-content\/uploads\/2023\/07\/Rendirse-Dani-Perez_Mobile.jpg\" class=\"attachment-large size-large wp-image-9701\" alt=\"\" srcset=\"https:\/\/inmoovs.com\/wp-content\/uploads\/2023\/07\/Rendirse-Dani-Perez_Mobile.jpg 800w, https:\/\/inmoovs.com\/wp-content\/uploads\/2023\/07\/Rendirse-Dani-Perez_Mobile-300x200.jpg 300w, https:\/\/inmoovs.com\/wp-content\/uploads\/2023\/07\/Rendirse-Dani-Perez_Mobile-768x513.jpg 768w\" sizes=\"(max-width: 800px) 100vw, 800px\" \/>\t\t\t\t\t\t\t\t\t\t\t\t\t\t\t<\/div>\n\t\t\t\t<\/div>\n\t\t\t\t\t<\/div>\n\t\t<\/div>\n\t\t\t\t\t<\/div>\n\t\t<\/section>\n\t\t\t\t<section class=\"has_eae_slider elementor-section elementor-top-section elementor-element elementor-element-18d550e elementor-section-stretched elementor-section-boxed elementor-section-height-default elementor-section-height-default\" data-eae-slider=\"57993\" data-id=\"18d550e\" data-element_type=\"section\" data-settings=\"{&quot;stretch_section&quot;:&quot;section-stretched&quot;,&quot;_ha_eqh_enable&quot;:false}\">\n\t\t\t\t\t\t<div class=\"elementor-container elementor-column-gap-default\">\n\t\t\t\t\t<div class=\"has_eae_slider elementor-column elementor-col-100 elementor-top-column elementor-element elementor-element-71d02f1\" data-eae-slider=\"60212\" data-id=\"71d02f1\" data-element_type=\"column\">\n\t\t\t<div class=\"elementor-widget-wrap elementor-element-populated\">\n\t\t\t\t\t\t<div class=\"elementor-element elementor-element-9fac5aa elementor-widget elementor-widget-spacer\" data-id=\"9fac5aa\" data-element_type=\"widget\" data-widget_type=\"spacer.default\">\n\t\t\t\t<div class=\"elementor-widget-container\">\n\t\t\t\t\t\t\t<div class=\"elementor-spacer\">\n\t\t\t<div class=\"elementor-spacer-inner\"><\/div>\n\t\t<\/div>\n\t\t\t\t\t\t<\/div>\n\t\t\t\t<\/div>\n\t\t\t\t<div class=\"elementor-element elementor-element-b24abd1 elementor-widget elementor-widget-heading\" data-id=\"b24abd1\" data-element_type=\"widget\" data-widget_type=\"heading.default\">\n\t\t\t\t<div class=\"elementor-widget-container\">\n\t\t\t\t\t<h3 class=\"elementor-heading-title elementor-size-default\">Valorando la profesi\u00f3n<\/h3>\t\t\t\t<\/div>\n\t\t\t\t<\/div>\n\t\t\t\t<div class=\"elementor-element elementor-element-a7fe9f9 elementor-widget elementor-widget-text-editor\" data-id=\"a7fe9f9\" data-element_type=\"widget\" data-widget_type=\"text-editor.default\">\n\t\t\t\t<div class=\"elementor-widget-container\">\n\t\t\t\t\t\t\t\t\t<p>Dani nos explica que \u00e9l considera que s\u00ed est\u00e1 bien valorado el baloncesto dentro del mundo del deporte. Aunque el f\u00fatbol sea un mundo aparte, con m\u00e1s seguidores y gente que lo practica, el baloncesto es el segundo deporte m\u00e1s seguido y est\u00e1 bien valorado en nuestro pa\u00eds.<\/p><p>Aunque hoy en d\u00eda los equipos de baloncesto femenino tengan salarios inferiores, seg\u00fan P\u00e9rez, en los \u00faltimos a\u00f1os ha habido clubes que han apostado muy fuerte por darles mayor visibilidad y crecimiento. Y que ojal\u00e1, las oportunidades se vayan acercando para situar al baloncesto femenino en el mismo nivel que el masculino.<\/p>\t\t\t\t\t\t\t\t<\/div>\n\t\t\t\t<\/div>\n\t\t\t\t<div class=\"elementor-element elementor-element-e0f7bf6 elementor-blockquote--skin-quotation elementor-blockquote--align-left elementor-blockquote--button-color-official elementor-widget elementor-widget-blockquote\" data-id=\"e0f7bf6\" data-element_type=\"widget\" data-widget_type=\"blockquote.default\">\n\t\t\t\t<div class=\"elementor-widget-container\">\n\t\t\t\t\t\t\t<blockquote class=\"elementor-blockquote\">\n\t\t\t<p class=\"elementor-blockquote__content\">\n\t\t\t\tA nivel de baloncesto, las mujeres son muy buenas. Por ejemplo, la selecci\u00f3n espa\u00f1ola del baloncesto femenino siempre est\u00e1 luchando por medallas, incluso ganando medallas en los \u00faltimos a\u00f1os. Creo que en Espa\u00f1a tenemos un nivel de baloncesto femenino muy alto. Quiz\u00e1s f\u00edsicamente no hay tanto espect\u00e1culo, como los mates, pero respecto a t\u00e9cnica, acierto y calidad, no tienen nada que envidiar.\t\t\t<\/p>\n\t\t\t\t\t\t\t<div class=\"e-q-footer\">\n\t\t\t\t\t\t\t\t\t\t\t<cite class=\"elementor-blockquote__author\">Opina Dani P\u00e9rez sobre el b\u00e0squet femen\u00ed professional<\/cite>\n\t\t\t\t\t\t\t\t\t\t\t\t\t\t<\/div>\n\t\t\t\t\t<\/blockquote>\n\t\t\t\t\t\t<\/div>\n\t\t\t\t<\/div>\n\t\t\t\t\t<\/div>\n\t\t<\/div>\n\t\t\t\t\t<\/div>\n\t\t<\/section>\n\t\t\t\t<section class=\"has_eae_slider elementor-section elementor-top-section elementor-element elementor-element-3dafe58 elementor-section-stretched elementor-section-boxed elementor-section-height-default elementor-section-height-default\" data-eae-slider=\"9057\" data-id=\"3dafe58\" data-element_type=\"section\" data-settings=\"{&quot;stretch_section&quot;:&quot;section-stretched&quot;,&quot;_ha_eqh_enable&quot;:false}\">\n\t\t\t\t\t\t<div class=\"elementor-container elementor-column-gap-default\">\n\t\t\t\t\t<div class=\"has_eae_slider elementor-column elementor-col-100 elementor-top-column elementor-element elementor-element-b8bdfa8\" data-eae-slider=\"69266\" data-id=\"b8bdfa8\" data-element_type=\"column\">\n\t\t\t<div class=\"elementor-widget-wrap elementor-element-populated\">\n\t\t\t\t\t\t<div class=\"elementor-element elementor-element-2a6b4c4 elementor-widget elementor-widget-spacer\" data-id=\"2a6b4c4\" data-element_type=\"widget\" data-widget_type=\"spacer.default\">\n\t\t\t\t<div class=\"elementor-widget-container\">\n\t\t\t\t\t\t\t<div class=\"elementor-spacer\">\n\t\t\t<div class=\"elementor-spacer-inner\"><\/div>\n\t\t<\/div>\n\t\t\t\t\t\t<\/div>\n\t\t\t\t<\/div>\n\t\t\t\t<div class=\"elementor-element elementor-element-b68ffbe elementor-widget elementor-widget-heading\" data-id=\"b68ffbe\" data-element_type=\"widget\" data-widget_type=\"heading.default\">\n\t\t\t\t<div class=\"elementor-widget-container\">\n\t\t\t\t\t<p class=\"elementor-heading-title elementor-size-small\">Inmoovs ayuda a Dani P\u00e9rez a prevenir lesiones y mejorar su rendimiento en la pista <\/p>\t\t\t\t<\/div>\n\t\t\t\t<\/div>\n\t\t\t\t<div class=\"elementor-element elementor-element-e41f42c elementor-widget elementor-widget-text-editor\" data-id=\"e41f42c\" data-element_type=\"widget\" data-widget_type=\"text-editor.default\">\n\t\t\t\t<div class=\"elementor-widget-container\">\n\t\t\t\t\t\t\t\t\t<p>Dani vino al centro Inmoovs, recomendado por su t\u00e9cnico, porque en la post temporada ten\u00eda algo de carga muscular en la zona posterior. En el centro se realiz\u00f3 <span style=\"color: var( --e-global-color-text ); background-color: var( --e-global-color-b3a21e2 ); letter-spacing: -0.3px;\">el<\/span><a style=\"letter-spacing: -0.3px; background-color: #e6e6e6;\" href=\"https:\/\/inmoovs.com\/es\/estudios-biomecanicos\/biomecanico-deportivo\/\">\n  <span style=\"font-weight: bolder;\">\n    <u>estudio biomec\u00e1nico deportivo<\/u>\n  <\/span>\n<\/a> para conocer en detalle <span style=\"color: var( --e-global-color-text ); background-color: var( --e-global-color-b3a21e2 ); letter-spacing: -0.3px;\">su huella y movimiento.<\/span> <\/p><p>Gracias al estudio en 3D, se pudo observar que tiene un pie con contacto demasiado externo y tambi\u00e9n sobrecargas en el tend\u00f3n de aquiles, que se puede solucionar con <span style=\"color: var( --e-global-color-text ); background-color: var( --e-global-color-b3a21e2 ); letter-spacing: -0.3px;\">\n  <strong>\n    <a href=\"https:\/\/inmoovs.com\/es\/plantillas-personalizadas\/\">Plantillas Personalizadas<\/a>\n  <\/strong>\n<\/span>.<br>Adem\u00e1s, el uso de las plantillas Inmoovs ser\u00e1n tambi\u00e9n de gran ayuda para el jugador del Manresa para prevenir lesiones y evitar antiguos problemas de rodilla.<\/p>\t\t\t\t\t\t\t\t<\/div>\n\t\t\t\t<\/div>\n\t\t\t\t<div class=\"elementor-element elementor-element-a6c01a0 elementor-align-left elementor-widget elementor-widget-button\" data-id=\"a6c01a0\" data-element_type=\"widget\" data-widget_type=\"button.default\">\n\t\t\t\t<div class=\"elementor-widget-container\">\n\t\t\t\t\t\t\t\t\t<div class=\"elementor-button-wrapper\">\n\t\t\t\t\t<a class=\"elementor-button elementor-button-link elementor-size-sm\" href=\"https:\/\/inmoovs.com\/es\/estudios-biomecanicos\/biomecanico-deportivo\/\">\n\t\t\t\t\t\t<span class=\"elementor-button-content-wrapper\">\n\t\t\t\t\t\t\t\t\t<span class=\"elementor-button-text\">Conocer m\u00e1s del estudio<\/span>\n\t\t\t\t\t<\/span>\n\t\t\t\t\t<\/a>\n\t\t\t\t<\/div>\n\t\t\t\t\t\t\t\t<\/div>\n\t\t\t\t<\/div>\n\t\t\t\t<div class=\"elementor-element elementor-element-abb5987 elementor-star-rating--align-left elementor--star-style-star_fontawesome elementor-widget elementor-widget-star-rating\" data-id=\"abb5987\" data-element_type=\"widget\" data-widget_type=\"star-rating.default\">\n\t\t\t\t<div class=\"elementor-widget-container\">\n\t\t\t\t\t\n\t\t<div class=\"elementor-star-rating__wrapper\">\n\t\t\t\t\t\t<div class=\"elementor-star-rating\" title=\"5\/5\" itemtype=\"http:\/\/schema.org\/Rating\" itemscope=\"\" itemprop=\"reviewRating\"><i class=\"elementor-star-full\">&#xE934;<\/i><i class=\"elementor-star-full\">&#xE934;<\/i><i class=\"elementor-star-full\">&#xE934;<\/i><i class=\"elementor-star-full\">&#xE934;<\/i><i class=\"elementor-star-full\">&#xE934;<\/i> <span itemprop=\"ratingValue\" class=\"elementor-screen-only\">5\/5<\/span><\/div>\t\t<\/div>\n\t\t\t\t\t\t<\/div>\n\t\t\t\t<\/div>\n\t\t\t\t<div class=\"elementor-element elementor-element-ea300f7 elementor-blockquote--skin-border elementor-blockquote--button-color-official elementor-widget elementor-widget-blockquote\" data-id=\"ea300f7\" data-element_type=\"widget\" data-widget_type=\"blockquote.default\">\n\t\t\t\t<div class=\"elementor-widget-container\">\n\t\t\t\t\t\t\t<blockquote class=\"elementor-blockquote\">\n\t\t\t<p class=\"elementor-blockquote__content\">\n\t\t\t\tNunca me hab\u00edan realizado un estudio tan completo y con tanta tecnolog\u00eda. Ver c\u00f3mo corres, apoyas el pie, el motivo de las molestias, qu\u00e9 corregir para evitar dolores... Es muy interesante y \u00fatil. Adem\u00e1s, me explicaron por qu\u00e9 me har\u00edan las plantillas y lo que ten\u00edamos que intentar corregir. Me estoy sintiendo muy c\u00f3modo con ellas y espero que siga as\u00ed durante mucho tiempo.\n\t\t\t<\/p>\n\t\t\t\t\t\t\t<div class=\"e-q-footer\">\n\t\t\t\t\t\t\t\t\t\t\t<cite class=\"elementor-blockquote__author\">Valora el Dani sobre la seva visita a Inmoovs<\/cite>\n\t\t\t\t\t\t\t\t\t\t\t\t\t\t<\/div>\n\t\t\t\t\t<\/blockquote>\n\t\t\t\t\t\t<\/div>\n\t\t\t\t<\/div>\n\t\t\t\t<div class=\"elementor-element elementor-element-53195fe elementor-widget elementor-widget-spacer\" data-id=\"53195fe\" data-element_type=\"widget\" data-widget_type=\"spacer.default\">\n\t\t\t\t<div class=\"elementor-widget-container\">\n\t\t\t\t\t\t\t<div class=\"elementor-spacer\">\n\t\t\t<div class=\"elementor-spacer-inner\"><\/div>\n\t\t<\/div>\n\t\t\t\t\t\t<\/div>\n\t\t\t\t<\/div>\n\t\t\t\t<div class=\"elementor-element elementor-element-91f0f5c elementor-widget elementor-widget-image\" data-id=\"91f0f5c\" data-element_type=\"widget\" data-widget_type=\"image.default\">\n\t\t\t\t<div class=\"elementor-widget-container\">\n\t\t\t\t\t\t\t\t\t\t\t\t\t\t\t<img loading=\"lazy\" decoding=\"async\" width=\"800\" height=\"534\" src=\"https:\/\/inmoovs.com\/wp-content\/uploads\/2023\/07\/Blog-Imatges-articles-horitzontal.jpg\" class=\"attachment-large size-large wp-image-9718\" alt=\"\" srcset=\"https:\/\/inmoovs.com\/wp-content\/uploads\/2023\/07\/Blog-Imatges-articles-horitzontal.jpg 800w, https:\/\/inmoovs.com\/wp-content\/uploads\/2023\/07\/Blog-Imatges-articles-horitzontal-300x200.jpg 300w, https:\/\/inmoovs.com\/wp-content\/uploads\/2023\/07\/Blog-Imatges-articles-horitzontal-768x513.jpg 768w\" sizes=\"(max-width: 800px) 100vw, 800px\" \/>\t\t\t\t\t\t\t\t\t\t\t\t\t\t\t<\/div>\n\t\t\t\t<\/div>\n\t\t\t\t<div class=\"elementor-element elementor-element-563b269 elementor-widget elementor-widget-text-editor\" data-id=\"563b269\" data-element_type=\"widget\" data-widget_type=\"text-editor.default\">\n\t\t\t\t<div class=\"elementor-widget-container\">\n\t\t\t\t\t\t\t\t\t<p>Actualmente, Dani lleva las Plantillas Personalizadas <strong>\n  <a href=\"https:\/\/inmoovs.com\/es\/plantillas-personalizadas\/tipo-de-plantillas\/performance-inelit\/\">\n    <u>InElit<\/u>\n  <\/a>\n<\/strong> para realizar los entrenamientos de alto rendimiento. A ra\u00edz de la buena adaptaci\u00f3n de estas plantillas, el base del Baloncesto Manresa espera ya su segundo par de plantillas personalizadas para utilizarlas con las competiciones del equipo.<\/p>\t\t\t\t\t\t\t\t<\/div>\n\t\t\t\t<\/div>\n\t\t\t\t\t<\/div>\n\t\t<\/div>\n\t\t\t\t\t<\/div>\n\t\t<\/section>\n\t\t\t\t<section class=\"has_eae_slider elementor-section elementor-top-section elementor-element elementor-element-8c8c8ea elementor-section-stretched elementor-section-boxed elementor-section-height-default elementor-section-height-default\" data-eae-slider=\"58843\" data-id=\"8c8c8ea\" data-element_type=\"section\" data-settings=\"{&quot;stretch_section&quot;:&quot;section-stretched&quot;,&quot;_ha_eqh_enable&quot;:false}\">\n\t\t\t\t\t\t<div class=\"elementor-container elementor-column-gap-default\">\n\t\t\t\t\t<div class=\"has_eae_slider elementor-column elementor-col-100 elementor-top-column elementor-element elementor-element-492a0eb\" data-eae-slider=\"63087\" data-id=\"492a0eb\" data-element_type=\"column\">\n\t\t\t<div class=\"elementor-widget-wrap elementor-element-populated\">\n\t\t\t\t\t\t<div class=\"elementor-element elementor-element-395647f elementor-widget elementor-widget-spacer\" data-id=\"395647f\" data-element_type=\"widget\" data-widget_type=\"spacer.default\">\n\t\t\t\t<div class=\"elementor-widget-container\">\n\t\t\t\t\t\t\t<div class=\"elementor-spacer\">\n\t\t\t<div class=\"elementor-spacer-inner\"><\/div>\n\t\t<\/div>\n\t\t\t\t\t\t<\/div>\n\t\t\t\t<\/div>\n\t\t\t\t<div class=\"elementor-element elementor-element-c252e38 elementor-widget elementor-widget-video\" data-id=\"c252e38\" data-element_type=\"widget\" data-settings=\"{&quot;youtube_url&quot;:&quot;https:\\\/\\\/youtu.be\\\/_XI7jdWxPoI&quot;,&quot;video_type&quot;:&quot;youtube&quot;,&quot;controls&quot;:&quot;yes&quot;}\" data-widget_type=\"video.default\">\n\t\t\t\t<div class=\"elementor-widget-container\">\n\t\t\t\t\t\t\t<div class=\"elementor-wrapper elementor-open-inline\">\n\t\t\t<div class=\"elementor-video\"><\/div>\t\t<\/div>\n\t\t\t\t\t\t<\/div>\n\t\t\t\t<\/div>\n\t\t\t\t\t<\/div>\n\t\t<\/div>\n\t\t\t\t\t<\/div>\n\t\t<\/section>\n\t\t\t\t<\/div>\n\t\t","protected":false},"excerpt":{"rendered":"<p>Pisando fuerte Con tan solo tres a\u00f1os de edad, Dani P\u00e9rez ya empezaba a jugar con la pelota de baloncesto, imitando lo que hac\u00eda su hermano, 5 a\u00f1os mayor que \u00e9l. Aunque su hermano jugaba al baloncesto de forma amateur, no hay nadie de la familia de Dani que se haya dedicado a este mundo [&hellip;]<\/p>\n","protected":false},"author":2,"featured_media":9660,"comment_status":"closed","ping_status":"closed","sticky":false,"template":"","format":"standard","meta":{"_joinchat":[],"footnotes":""},"categories":[50],"tags":[98,95,57],"class_list":["post-9762","post","type-post","status-publish","format-standard","has-post-thumbnail","hentry","category-inpeople","tag-baloncesto","tag-performance-es-2","tag-podologia-es"],"yoast_head":"<!-- This site is optimized with the Yoast SEO plugin v25.6 - https:\/\/yoast.com\/wordpress\/plugins\/seo\/ -->\n<title>Inmoovs | Entrevista en el base del baloncesto Manresa Dani P\u00e9rez<\/title>\n<meta name=\"description\" content=\"Un camino que ha logrado el jugador a base de esfuerzo, trabajo y confianza. Conoce a Dani P\u00e9rez y su trayectoria profesional.\" \/>\n<meta name=\"robots\" content=\"index, follow, max-snippet:-1, max-image-preview:large, max-video-preview:-1\" \/>\n<link rel=\"canonical\" href=\"https:\/\/inmoovs.com\/es\/blog\/inpeople\/dani-perez-un-sueno-cumplido-a-base-de-trabajo-esfuerzo-y-confianza\/\" \/>\n<meta property=\"og:locale\" content=\"es_ES\" \/>\n<meta property=\"og:type\" content=\"article\" \/>\n<meta property=\"og:title\" content=\"Inmoovs | Entrevista en el base del baloncesto Manresa Dani P\u00e9rez\" \/>\n<meta property=\"og:description\" content=\"Un camino que ha logrado el jugador a base de esfuerzo, trabajo y confianza. Conoce a Dani P\u00e9rez y su trayectoria profesional.\" \/>\n<meta property=\"og:url\" content=\"https:\/\/inmoovs.com\/es\/blog\/inpeople\/dani-perez-un-sueno-cumplido-a-base-de-trabajo-esfuerzo-y-confianza\/\" \/>\n<meta property=\"og:site_name\" content=\"Inmoovs\" \/>\n<meta property=\"article:publisher\" content=\"https:\/\/www.facebook.com\/inmoovs\" \/>\n<meta property=\"article:published_time\" content=\"2023-07-06T09:29:22+00:00\" \/>\n<meta property=\"article:modified_time\" content=\"2025-10-06T11:21:34+00:00\" \/>\n<meta property=\"og:image\" content=\"https:\/\/inmoovs.com\/wp-content\/uploads\/2023\/07\/image00001.jpeg\" \/>\n\t<meta property=\"og:image:width\" content=\"1024\" \/>\n\t<meta property=\"og:image:height\" content=\"739\" \/>\n\t<meta property=\"og:image:type\" content=\"image\/jpeg\" \/>\n<meta name=\"author\" content=\"Claudia Solvas\" \/>\n<meta name=\"twitter:card\" content=\"summary_large_image\" \/>\n<meta name=\"twitter:label1\" content=\"Escrito por\" \/>\n\t<meta name=\"twitter:data1\" content=\"Claudia Solvas\" \/>\n\t<meta name=\"twitter:label2\" content=\"Tiempo de lectura\" \/>\n\t<meta name=\"twitter:data2\" content=\"6 minutos\" \/>\n<script type=\"application\/ld+json\" class=\"yoast-schema-graph\">{\"@context\":\"https:\/\/schema.org\",\"@graph\":[{\"@type\":[\"Article\",\"BlogPosting\"],\"@id\":\"https:\/\/inmoovs.com\/es\/blog\/inpeople\/dani-perez-un-sueno-cumplido-a-base-de-trabajo-esfuerzo-y-confianza\/#article\",\"isPartOf\":{\"@id\":\"https:\/\/inmoovs.com\/es\/blog\/inpeople\/dani-perez-un-sueno-cumplido-a-base-de-trabajo-esfuerzo-y-confianza\/\"},\"author\":{\"name\":\"Claudia Solvas\",\"@id\":\"https:\/\/inmoovs.com\/es\/#\/schema\/person\/91fddeb8f9458fe92d8bede5d9535a1e\"},\"headline\":\"Dani P\u00e9rez, un sue\u00f1o cumplido a base de trabajo, esfuerzo y confianza\",\"datePublished\":\"2023-07-06T09:29:22+00:00\",\"dateModified\":\"2025-10-06T11:21:34+00:00\",\"mainEntityOfPage\":{\"@id\":\"https:\/\/inmoovs.com\/es\/blog\/inpeople\/dani-perez-un-sueno-cumplido-a-base-de-trabajo-esfuerzo-y-confianza\/\"},\"wordCount\":1075,\"publisher\":{\"@id\":\"https:\/\/inmoovs.com\/es\/#organization\"},\"image\":{\"@id\":\"https:\/\/inmoovs.com\/es\/blog\/inpeople\/dani-perez-un-sueno-cumplido-a-base-de-trabajo-esfuerzo-y-confianza\/#primaryimage\"},\"thumbnailUrl\":\"https:\/\/inmoovs.com\/wp-content\/uploads\/2023\/07\/image00001.jpeg\",\"keywords\":[\"baloncesto\",\"performance\",\"podologia\"],\"articleSection\":[\"InPeople\"],\"inLanguage\":\"es\"},{\"@type\":\"WebPage\",\"@id\":\"https:\/\/inmoovs.com\/es\/blog\/inpeople\/dani-perez-un-sueno-cumplido-a-base-de-trabajo-esfuerzo-y-confianza\/\",\"url\":\"https:\/\/inmoovs.com\/es\/blog\/inpeople\/dani-perez-un-sueno-cumplido-a-base-de-trabajo-esfuerzo-y-confianza\/\",\"name\":\"Inmoovs | Entrevista en el base del baloncesto Manresa Dani P\u00e9rez\",\"isPartOf\":{\"@id\":\"https:\/\/inmoovs.com\/es\/#website\"},\"primaryImageOfPage\":{\"@id\":\"https:\/\/inmoovs.com\/es\/blog\/inpeople\/dani-perez-un-sueno-cumplido-a-base-de-trabajo-esfuerzo-y-confianza\/#primaryimage\"},\"image\":{\"@id\":\"https:\/\/inmoovs.com\/es\/blog\/inpeople\/dani-perez-un-sueno-cumplido-a-base-de-trabajo-esfuerzo-y-confianza\/#primaryimage\"},\"thumbnailUrl\":\"https:\/\/inmoovs.com\/wp-content\/uploads\/2023\/07\/image00001.jpeg\",\"datePublished\":\"2023-07-06T09:29:22+00:00\",\"dateModified\":\"2025-10-06T11:21:34+00:00\",\"description\":\"Un camino que ha logrado el jugador a base de esfuerzo, trabajo y confianza. Conoce a Dani P\u00e9rez y su trayectoria profesional.\",\"breadcrumb\":{\"@id\":\"https:\/\/inmoovs.com\/es\/blog\/inpeople\/dani-perez-un-sueno-cumplido-a-base-de-trabajo-esfuerzo-y-confianza\/#breadcrumb\"},\"inLanguage\":\"es\",\"potentialAction\":[{\"@type\":\"ReadAction\",\"target\":[\"https:\/\/inmoovs.com\/es\/blog\/inpeople\/dani-perez-un-sueno-cumplido-a-base-de-trabajo-esfuerzo-y-confianza\/\"]}]},{\"@type\":\"ImageObject\",\"inLanguage\":\"es\",\"@id\":\"https:\/\/inmoovs.com\/es\/blog\/inpeople\/dani-perez-un-sueno-cumplido-a-base-de-trabajo-esfuerzo-y-confianza\/#primaryimage\",\"url\":\"https:\/\/inmoovs.com\/wp-content\/uploads\/2023\/07\/image00001.jpeg\",\"contentUrl\":\"https:\/\/inmoovs.com\/wp-content\/uploads\/2023\/07\/image00001.jpeg\",\"width\":1024,\"height\":739},{\"@type\":\"BreadcrumbList\",\"@id\":\"https:\/\/inmoovs.com\/es\/blog\/inpeople\/dani-perez-un-sueno-cumplido-a-base-de-trabajo-esfuerzo-y-confianza\/#breadcrumb\",\"itemListElement\":[{\"@type\":\"ListItem\",\"position\":1,\"name\":\"Blog\",\"item\":\"https:\/\/inmoovs.com\/es\/\"},{\"@type\":\"ListItem\",\"position\":2,\"name\":\"InPeople\",\"item\":\"https:\/\/inmoovs.com\/es\/blog\/category\/inpeople\/\"},{\"@type\":\"ListItem\",\"position\":3,\"name\":\"Dani P\u00e9rez, un sue\u00f1o cumplido a base de trabajo, esfuerzo y confianza\"}]},{\"@type\":\"WebSite\",\"@id\":\"https:\/\/inmoovs.com\/es\/#website\",\"url\":\"https:\/\/inmoovs.com\/es\/\",\"name\":\"Inmoovs\",\"description\":\"\",\"publisher\":{\"@id\":\"https:\/\/inmoovs.com\/es\/#organization\"},\"potentialAction\":[{\"@type\":\"SearchAction\",\"target\":{\"@type\":\"EntryPoint\",\"urlTemplate\":\"https:\/\/inmoovs.com\/es\/?s={search_term_string}\"},\"query-input\":{\"@type\":\"PropertyValueSpecification\",\"valueRequired\":true,\"valueName\":\"search_term_string\"}}],\"inLanguage\":\"es\"},{\"@type\":\"Organization\",\"@id\":\"https:\/\/inmoovs.com\/es\/#organization\",\"name\":\"Inmoovs\",\"url\":\"https:\/\/inmoovs.com\/es\/\",\"logo\":{\"@type\":\"ImageObject\",\"inLanguage\":\"es\",\"@id\":\"https:\/\/inmoovs.com\/es\/#\/schema\/logo\/image\/\",\"url\":\"https:\/\/inmoovs.com\/wp-content\/uploads\/2022\/08\/logo-footer.svg\",\"contentUrl\":\"https:\/\/inmoovs.com\/wp-content\/uploads\/2022\/08\/logo-footer.svg\",\"width\":162,\"height\":109,\"caption\":\"Inmoovs\"},\"image\":{\"@id\":\"https:\/\/inmoovs.com\/es\/#\/schema\/logo\/image\/\"},\"sameAs\":[\"https:\/\/www.facebook.com\/inmoovs\",\"https:\/\/www.instagram.com\/inmoovs\/\"]},{\"@type\":\"Person\",\"@id\":\"https:\/\/inmoovs.com\/es\/#\/schema\/person\/91fddeb8f9458fe92d8bede5d9535a1e\",\"name\":\"Claudia Solvas\"}]}<\/script>\n<!-- \/ Yoast SEO plugin. -->","yoast_head_json":{"title":"Inmoovs | Entrevista en el base del baloncesto Manresa Dani P\u00e9rez","description":"Un camino que ha logrado el jugador a base de esfuerzo, trabajo y confianza. Conoce a Dani P\u00e9rez y su trayectoria profesional.","robots":{"index":"index","follow":"follow","max-snippet":"max-snippet:-1","max-image-preview":"max-image-preview:large","max-video-preview":"max-video-preview:-1"},"canonical":"https:\/\/inmoovs.com\/es\/blog\/inpeople\/dani-perez-un-sueno-cumplido-a-base-de-trabajo-esfuerzo-y-confianza\/","og_locale":"es_ES","og_type":"article","og_title":"Inmoovs | Entrevista en el base del baloncesto Manresa Dani P\u00e9rez","og_description":"Un camino que ha logrado el jugador a base de esfuerzo, trabajo y confianza. Conoce a Dani P\u00e9rez y su trayectoria profesional.","og_url":"https:\/\/inmoovs.com\/es\/blog\/inpeople\/dani-perez-un-sueno-cumplido-a-base-de-trabajo-esfuerzo-y-confianza\/","og_site_name":"Inmoovs","article_publisher":"https:\/\/www.facebook.com\/inmoovs","article_published_time":"2023-07-06T09:29:22+00:00","article_modified_time":"2025-10-06T11:21:34+00:00","og_image":[{"width":1024,"height":739,"url":"https:\/\/inmoovs.com\/wp-content\/uploads\/2023\/07\/image00001.jpeg","type":"image\/jpeg"}],"author":"Claudia Solvas","twitter_card":"summary_large_image","twitter_misc":{"Escrito por":"Claudia Solvas","Tiempo de lectura":"6 minutos"},"schema":{"@context":"https:\/\/schema.org","@graph":[{"@type":["Article","BlogPosting"],"@id":"https:\/\/inmoovs.com\/es\/blog\/inpeople\/dani-perez-un-sueno-cumplido-a-base-de-trabajo-esfuerzo-y-confianza\/#article","isPartOf":{"@id":"https:\/\/inmoovs.com\/es\/blog\/inpeople\/dani-perez-un-sueno-cumplido-a-base-de-trabajo-esfuerzo-y-confianza\/"},"author":{"name":"Claudia Solvas","@id":"https:\/\/inmoovs.com\/es\/#\/schema\/person\/91fddeb8f9458fe92d8bede5d9535a1e"},"headline":"Dani P\u00e9rez, un sue\u00f1o cumplido a base de trabajo, esfuerzo y confianza","datePublished":"2023-07-06T09:29:22+00:00","dateModified":"2025-10-06T11:21:34+00:00","mainEntityOfPage":{"@id":"https:\/\/inmoovs.com\/es\/blog\/inpeople\/dani-perez-un-sueno-cumplido-a-base-de-trabajo-esfuerzo-y-confianza\/"},"wordCount":1075,"publisher":{"@id":"https:\/\/inmoovs.com\/es\/#organization"},"image":{"@id":"https:\/\/inmoovs.com\/es\/blog\/inpeople\/dani-perez-un-sueno-cumplido-a-base-de-trabajo-esfuerzo-y-confianza\/#primaryimage"},"thumbnailUrl":"https:\/\/inmoovs.com\/wp-content\/uploads\/2023\/07\/image00001.jpeg","keywords":["baloncesto","performance","podologia"],"articleSection":["InPeople"],"inLanguage":"es"},{"@type":"WebPage","@id":"https:\/\/inmoovs.com\/es\/blog\/inpeople\/dani-perez-un-sueno-cumplido-a-base-de-trabajo-esfuerzo-y-confianza\/","url":"https:\/\/inmoovs.com\/es\/blog\/inpeople\/dani-perez-un-sueno-cumplido-a-base-de-trabajo-esfuerzo-y-confianza\/","name":"Inmoovs | Entrevista en el base del baloncesto Manresa Dani P\u00e9rez","isPartOf":{"@id":"https:\/\/inmoovs.com\/es\/#website"},"primaryImageOfPage":{"@id":"https:\/\/inmoovs.com\/es\/blog\/inpeople\/dani-perez-un-sueno-cumplido-a-base-de-trabajo-esfuerzo-y-confianza\/#primaryimage"},"image":{"@id":"https:\/\/inmoovs.com\/es\/blog\/inpeople\/dani-perez-un-sueno-cumplido-a-base-de-trabajo-esfuerzo-y-confianza\/#primaryimage"},"thumbnailUrl":"https:\/\/inmoovs.com\/wp-content\/uploads\/2023\/07\/image00001.jpeg","datePublished":"2023-07-06T09:29:22+00:00","dateModified":"2025-10-06T11:21:34+00:00","description":"Un camino que ha logrado el jugador a base de esfuerzo, trabajo y confianza. Conoce a Dani P\u00e9rez y su trayectoria profesional.","breadcrumb":{"@id":"https:\/\/inmoovs.com\/es\/blog\/inpeople\/dani-perez-un-sueno-cumplido-a-base-de-trabajo-esfuerzo-y-confianza\/#breadcrumb"},"inLanguage":"es","potentialAction":[{"@type":"ReadAction","target":["https:\/\/inmoovs.com\/es\/blog\/inpeople\/dani-perez-un-sueno-cumplido-a-base-de-trabajo-esfuerzo-y-confianza\/"]}]},{"@type":"ImageObject","inLanguage":"es","@id":"https:\/\/inmoovs.com\/es\/blog\/inpeople\/dani-perez-un-sueno-cumplido-a-base-de-trabajo-esfuerzo-y-confianza\/#primaryimage","url":"https:\/\/inmoovs.com\/wp-content\/uploads\/2023\/07\/image00001.jpeg","contentUrl":"https:\/\/inmoovs.com\/wp-content\/uploads\/2023\/07\/image00001.jpeg","width":1024,"height":739},{"@type":"BreadcrumbList","@id":"https:\/\/inmoovs.com\/es\/blog\/inpeople\/dani-perez-un-sueno-cumplido-a-base-de-trabajo-esfuerzo-y-confianza\/#breadcrumb","itemListElement":[{"@type":"ListItem","position":1,"name":"Blog","item":"https:\/\/inmoovs.com\/es\/"},{"@type":"ListItem","position":2,"name":"InPeople","item":"https:\/\/inmoovs.com\/es\/blog\/category\/inpeople\/"},{"@type":"ListItem","position":3,"name":"Dani P\u00e9rez, un sue\u00f1o cumplido a base de trabajo, esfuerzo y confianza"}]},{"@type":"WebSite","@id":"https:\/\/inmoovs.com\/es\/#website","url":"https:\/\/inmoovs.com\/es\/","name":"Inmoovs","description":"","publisher":{"@id":"https:\/\/inmoovs.com\/es\/#organization"},"potentialAction":[{"@type":"SearchAction","target":{"@type":"EntryPoint","urlTemplate":"https:\/\/inmoovs.com\/es\/?s={search_term_string}"},"query-input":{"@type":"PropertyValueSpecification","valueRequired":true,"valueName":"search_term_string"}}],"inLanguage":"es"},{"@type":"Organization","@id":"https:\/\/inmoovs.com\/es\/#organization","name":"Inmoovs","url":"https:\/\/inmoovs.com\/es\/","logo":{"@type":"ImageObject","inLanguage":"es","@id":"https:\/\/inmoovs.com\/es\/#\/schema\/logo\/image\/","url":"https:\/\/inmoovs.com\/wp-content\/uploads\/2022\/08\/logo-footer.svg","contentUrl":"https:\/\/inmoovs.com\/wp-content\/uploads\/2022\/08\/logo-footer.svg","width":162,"height":109,"caption":"Inmoovs"},"image":{"@id":"https:\/\/inmoovs.com\/es\/#\/schema\/logo\/image\/"},"sameAs":["https:\/\/www.facebook.com\/inmoovs","https:\/\/www.instagram.com\/inmoovs\/"]},{"@type":"Person","@id":"https:\/\/inmoovs.com\/es\/#\/schema\/person\/91fddeb8f9458fe92d8bede5d9535a1e","name":"Claudia Solvas"}]}},"_links":{"self":[{"href":"https:\/\/inmoovs.com\/es\/wp-json\/wp\/v2\/posts\/9762","targetHints":{"allow":["GET"]}}],"collection":[{"href":"https:\/\/inmoovs.com\/es\/wp-json\/wp\/v2\/posts"}],"about":[{"href":"https:\/\/inmoovs.com\/es\/wp-json\/wp\/v2\/types\/post"}],"author":[{"embeddable":true,"href":"https:\/\/inmoovs.com\/es\/wp-json\/wp\/v2\/users\/2"}],"replies":[{"embeddable":true,"href":"https:\/\/inmoovs.com\/es\/wp-json\/wp\/v2\/comments?post=9762"}],"version-history":[{"count":7,"href":"https:\/\/inmoovs.com\/es\/wp-json\/wp\/v2\/posts\/9762\/revisions"}],"predecessor-version":[{"id":11617,"href":"https:\/\/inmoovs.com\/es\/wp-json\/wp\/v2\/posts\/9762\/revisions\/11617"}],"wp:featuredmedia":[{"embeddable":true,"href":"https:\/\/inmoovs.com\/es\/wp-json\/wp\/v2\/media\/9660"}],"wp:attachment":[{"href":"https:\/\/inmoovs.com\/es\/wp-json\/wp\/v2\/media?parent=9762"}],"wp:term":[{"taxonomy":"category","embeddable":true,"href":"https:\/\/inmoovs.com\/es\/wp-json\/wp\/v2\/categories?post=9762"},{"taxonomy":"post_tag","embeddable":true,"href":"https:\/\/inmoovs.com\/es\/wp-json\/wp\/v2\/tags?post=9762"}],"curies":[{"name":"wp","href":"https:\/\/api.w.org\/{rel}","templated":true}]}}